{"id":191,"date":"2018-04-22T17:45:29","date_gmt":"2018-04-22T15:45:29","guid":{"rendered":"https:\/\/www.queimadaediciones.es\/?p=191"},"modified":"2018-04-22T17:45:35","modified_gmt":"2018-04-22T15:45:35","slug":"la-europa-a-remolque-ampliando-el-debate-22-4-2018","status":"publish","type":"post","link":"https:\/\/www.queimadaediciones.es\/index.php\/2018\/04\/22\/la-europa-a-remolque-ampliando-el-debate-22-4-2018\/","title":{"rendered":"La Europa a remolque &#8211; Ampliando el debate 22-4-2018"},"content":{"rendered":"<p><img loading=\"lazy\" decoding=\"async\" class=\"alignnone size-full wp-image-32546\" src=\"https:\/\/www.colectivoburbuja.org\/wp-content\/uploads\/2016\/05\/Europa-por-Hendrik-Dacquin-2.jpg\" alt=\"\" width=\"600\" height=\"400\" \/><\/p>\n<p>Pareciera que la situaci\u00f3n en la Uni\u00f3n Europea ha conseguido cierta estabilidad en los \u00faltimos a\u00f1os, al menos en la portada de los peri\u00f3dicos de informaci\u00f3n general. La econom\u00eda de algunos pa\u00edses ha recuperado cierto vigor, los pa\u00edses al borde del abismo no parecen tan en la cuerda floja como hace unos a\u00f1os, el n\u00facleo duro de Europa aparenta cierta fortaleza&#8230; un relato en el que, sin embargo, sigue habiendo signos preocupantes: inestabilidades pol\u00edticas y vuelcos electorales, objetivos permanentemente incumplidos por parte del Banco Central Europeo, advertencias de instituciones financieras. \u00bfEn qu\u00e9 situaci\u00f3n se encuentra, en realidad, Europa? \u00bfC\u00f3mo y a qu\u00e9 costa ha conseguido este cierto remanso? \u00bfEstamos preparados para una pr\u00f3xima crisis o se est\u00e1 gestando ya, dentro de nuestras fronteras? De todo esto hablamos con Jordi Llanos y Manuel Campos. Conduce Jes\u00fas N\u00e1cher.<\/p>\n<!--[if lt IE 9]><script>document.createElement('audio');<\/script><![endif]-->\n<audio class=\"wp-audio-shortcode\" id=\"audio-191-1\" preload=\"none\" style=\"width: 100%;\" controls=\"controls\"><source type=\"audio\/mpeg\" src=\"http:\/\/www.ivoox.com\/europa-a-remolque-ampliando-debate_md_25549638_wp_1.mp3?_=1\" \/><a href=\"http:\/\/www.ivoox.com\/europa-a-remolque-ampliando-debate_md_25549638_wp_1.mp3\">http:\/\/www.ivoox.com\/europa-a-remolque-ampliando-debate_md_25549638_wp_1.mp3<\/a><\/audio>\n<p><a title=\"La Europa a remolque - Ampliando el debate 22-4-2018\" href=\"http:\/\/www.ivoox.com\/europa-a-remolque-ampliando-debate-audios-mp3_rf_25549638_1.html\">Ir a descargar<\/a><\/p>\n<p><span style=\"color: #808080;\"><em>Fotograf\u00eda de Hendrik Dacquin<\/em><\/span><\/p>\n","protected":false},"excerpt":{"rendered":"<p><img loading=\"lazy\" decoding=\"async\" class=\"alignnone size-full wp-image-32546\" src=\"https:\/\/www.colectivoburbuja.org\/wp-content\/uploads\/2016\/05\/Europa-por-Hendrik-Dacquin-2.jpg\" alt=\"\" width=\"600\" height=\"400\" \/><\/p>\n<p>Pareciera que la situaci\u00f3n en la Uni\u00f3n Europea ha conseguido cierta estabilidad en los \u00faltimos a\u00f1os, al menos en la portada de los peri\u00f3dicos de informaci\u00f3n general. La econom\u00eda de algunos pa\u00edses ha recuperado cierto vigor, los pa\u00edses al borde del abismo no parecen tan en la cuerda floja como hace unos a\u00f1os, el n\u00facleo duro de Europa aparenta cierta fortaleza&#8230; un relato en el que, sin embargo, sigue habiendo signos preocupantes: inestabilidades pol\u00edticas y vuelcos electorales, objetivos permanentemente incumplidos por parte del Banco Central Europeo, advertencias de instituciones financieras. \u00bfEn qu\u00e9 situaci\u00f3n se encuentra, en realidad, Europa? \u00bfC\u00f3mo y a qu\u00e9 costa ha conseguido este cierto remanso? \u00bfEstamos preparados para una pr\u00f3xima crisis o se est\u00e1 gestando ya, dentro de nuestras<\/p>\n","protected":false},"author":1,"featured_media":190,"comment_status":"open","ping_status":"open","sticky":false,"template":"","format":"standard","meta":{"footnotes":""},"categories":[1],"tags":[180,130,181,182,22],"_links":{"self":[{"href":"https:\/\/www.queimadaediciones.es\/index.php\/wp-json\/wp\/v2\/posts\/191"}],"collection":[{"href":"https:\/\/www.queimadaediciones.es\/index.php\/wp-json\/wp\/v2\/posts"}],"about":[{"href":"https:\/\/www.queimadaediciones.es\/index.php\/wp-json\/wp\/v2\/types\/post"}],"author":[{"embeddable":true,"href":"https:\/\/www.queimadaediciones.es\/index.php\/wp-json\/wp\/v2\/users\/1"}],"replies":[{"embeddable":true,"href":"https:\/\/www.queimadaediciones.es\/index.php\/wp-json\/wp\/v2\/comments?post=191"}],"version-history":[{"count":1,"href":"https:\/\/www.queimadaediciones.es\/index.php\/wp-json\/wp\/v2\/posts\/191\/revisions"}],"predecessor-version":[{"id":192,"href":"https:\/\/www.queimadaediciones.es\/index.php\/wp-json\/wp\/v2\/posts\/191\/revisions\/192"}],"wp:featuredmedia":[{"embeddable":true,"href":"https:\/\/www.queimadaediciones.es\/index.php\/wp-json\/wp\/v2\/media\/190"}],"wp:attachment":[{"href":"https:\/\/www.queimadaediciones.es\/index.php\/wp-json\/wp\/v2\/media?parent=191"}],"wp:term":[{"taxonomy":"category","embeddable":true,"href":"https:\/\/www.queimadaediciones.es\/index.php\/wp-json\/wp\/v2\/categories?post=191"},{"taxonomy":"post_tag","embeddable":true,"href":"https:\/\/www.queimadaediciones.es\/index.php\/wp-json\/wp\/v2\/tags?post=191"}],"curies":[{"name":"wp","href":"https:\/\/api.w.org\/{rel}","templated":true}]}}