{"id":194,"date":"2018-04-24T19:19:34","date_gmt":"2018-04-24T17:19:34","guid":{"rendered":"https:\/\/www.queimadaediciones.es\/?p=194"},"modified":"2018-04-24T19:19:38","modified_gmt":"2018-04-24T17:19:38","slug":"ciudades-que-amanecen-debate-directo-24-4-2018","status":"publish","type":"post","link":"https:\/\/www.queimadaediciones.es\/index.php\/2018\/04\/24\/ciudades-que-amanecen-debate-directo-24-4-2018\/","title":{"rendered":"Ciudades que amanecen &#8211; Debate Directo 24-4-2018"},"content":{"rendered":"<p><img loading=\"lazy\" decoding=\"async\" class=\"alignnone size-full wp-image-38067\" src=\"https:\/\/www.colectivoburbuja.org\/wp-content\/uploads\/2018\/04\/Fotos-de-ciudades-que-amanecen.jpg\" alt=\"\" width=\"600\" height=\"400\" \/><\/p>\n<p>Hoy tenemos un programa especial para celebrar el D\u00eda del Libro de 2018. Invitamos a Jorge D\u00edaz Leza, autor de la colecci\u00f3n de relatos Fotos de ciudades que amanecen -entre otra obras- para charlar un rato sobre literatura, proceso creativo y la naturaleza del ser humano. Conduce Juan Carlos Barba.<\/p>\n<!--[if lt IE 9]><script>document.createElement('audio');<\/script><![endif]-->\n<audio class=\"wp-audio-shortcode\" id=\"audio-194-1\" preload=\"none\" style=\"width: 100%;\" controls=\"controls\"><source type=\"audio\/mpeg\" src=\"http:\/\/www.ivoox.com\/ciudades-amanecen-debate-directo-24-4-2018_md_25596983_wp_1.mp3?_=1\" \/><a href=\"http:\/\/www.ivoox.com\/ciudades-amanecen-debate-directo-24-4-2018_md_25596983_wp_1.mp3\">http:\/\/www.ivoox.com\/ciudades-amanecen-debate-directo-24-4-2018_md_25596983_wp_1.mp3<\/a><\/audio>\n<p><a title=\"Ciudades que amanecen - Debate Directo 24-4-2018\" href=\"http:\/\/www.ivoox.com\/ciudades-amanecen-debate-directo-24-4-2018-audios-mp3_rf_25596983_1.html\">Ir a descargar<\/a><\/p>\n<p>&nbsp;<\/p>\n","protected":false},"excerpt":{"rendered":"<p><img loading=\"lazy\" decoding=\"async\" class=\"alignnone size-full wp-image-38067\" src=\"https:\/\/www.colectivoburbuja.org\/wp-content\/uploads\/2018\/04\/Fotos-de-ciudades-que-amanecen.jpg\" alt=\"\" width=\"600\" height=\"400\" \/><\/p>\n<p>Hoy tenemos un programa especial para celebrar el D\u00eda del Libro de 2018. Invitamos a Jorge D\u00edaz Leza, autor de la colecci\u00f3n de relatos Fotos de ciudades que amanecen -entre otra obras- para charlar un rato sobre literatura, proceso creativo y la naturaleza del ser humano. Conduce Juan Carlos Barba.<\/p>\n[audio src=\"http:\/\/www.ivoox.com\/ciudades-amanecen-debate-directo-24-4-2018_md_25596983_wp_1.mp3\"]\n<p><a title=\"Ciudades que amanecen - Debate Directo 24-4-2018\" href=\"http:\/\/www.ivoox.com\/ciudades-amanecen-debate-directo-24-4-2018-audios-mp3_rf_25596983_1.html\">Ir a descargar<\/a><\/p>\n<p>&nbsp;<\/p>\n","protected":false},"author":1,"featured_media":193,"comment_status":"open","ping_status":"open","sticky":false,"template":"","format":"standard","meta":{"footnotes":""},"categories":[1],"tags":[183,184,185,186],"_links":{"self":[{"href":"https:\/\/www.queimadaediciones.es\/index.php\/wp-json\/wp\/v2\/posts\/194"}],"collection":[{"href":"https:\/\/www.queimadaediciones.es\/index.php\/wp-json\/wp\/v2\/posts"}],"about":[{"href":"https:\/\/www.queimadaediciones.es\/index.php\/wp-json\/wp\/v2\/types\/post"}],"author":[{"embeddable":true,"href":"https:\/\/www.queimadaediciones.es\/index.php\/wp-json\/wp\/v2\/users\/1"}],"replies":[{"embeddable":true,"href":"https:\/\/www.queimadaediciones.es\/index.php\/wp-json\/wp\/v2\/comments?post=194"}],"version-history":[{"count":1,"href":"https:\/\/www.queimadaediciones.es\/index.php\/wp-json\/wp\/v2\/posts\/194\/revisions"}],"predecessor-version":[{"id":195,"href":"https:\/\/www.queimadaediciones.es\/index.php\/wp-json\/wp\/v2\/posts\/194\/revisions\/195"}],"wp:featuredmedia":[{"embeddable":true,"href":"https:\/\/www.queimadaediciones.es\/index.php\/wp-json\/wp\/v2\/media\/193"}],"wp:attachment":[{"href":"https:\/\/www.queimadaediciones.es\/index.php\/wp-json\/wp\/v2\/media?parent=194"}],"wp:term":[{"taxonomy":"category","embeddable":true,"href":"https:\/\/www.queimadaediciones.es\/index.php\/wp-json\/wp\/v2\/categories?post=194"},{"taxonomy":"post_tag","embeddable":true,"href":"https:\/\/www.queimadaediciones.es\/index.php\/wp-json\/wp\/v2\/tags?post=194"}],"curies":[{"name":"wp","href":"https:\/\/api.w.org\/{rel}","templated":true}]}}