{"id":200,"date":"2018-04-27T00:27:03","date_gmt":"2018-04-26T22:27:03","guid":{"rendered":"https:\/\/www.queimadaediciones.es\/?p=200"},"modified":"2018-04-27T00:27:10","modified_gmt":"2018-04-26T22:27:10","slug":"cifuentes-el-final-del-camino-debate-directo-27-4-2018","status":"publish","type":"post","link":"https:\/\/www.queimadaediciones.es\/index.php\/2018\/04\/27\/cifuentes-el-final-del-camino-debate-directo-27-4-2018\/","title":{"rendered":"Cifuentes: el final del camino &#8211; Debate Directo 27-4-2018"},"content":{"rendered":"<p><img loading=\"lazy\" decoding=\"async\" class=\"alignnone size-full wp-image-35298\" src=\"https:\/\/www.colectivoburbuja.org\/wp-content\/uploads\/2017\/01\/Mariano-Rajoy-y-Cristina-Cifuentes-por-Cristina-Cifuentes.jpg\" alt=\"\" width=\"600\" height=\"400\" \/><\/p>\n<p>Hoy hablamos sobre la dimisi\u00f3n de Cristina Cifuentes tras revelarse una grabaci\u00f3n en la que aparec\u00eda siendo registrada por el robo de dos creamas antiedad. Tambi\u00e9n hablamos sobre la disoluci\u00f3n de la banda terrorista ETA y el aniversario de la Revoluci\u00f3n de los Claveles y c\u00f3mo influy\u00f3 en Espa\u00f1a. Con Jos\u00e9 Lu\u00eds Escobar y Iago Mejuto. Conduce Juan Carlos Barba.<\/p>\n<!--[if lt IE 9]><script>document.createElement('audio');<\/script><![endif]-->\n<audio class=\"wp-audio-shortcode\" id=\"audio-200-1\" preload=\"none\" style=\"width: 100%;\" controls=\"controls\"><source type=\"audio\/mpeg\" src=\"http:\/\/www.ivoox.com\/cifuentes-final-del-camino-debate-directo_md_25647561_wp_1.mp3?_=1\" \/><a href=\"http:\/\/www.ivoox.com\/cifuentes-final-del-camino-debate-directo_md_25647561_wp_1.mp3\">http:\/\/www.ivoox.com\/cifuentes-final-del-camino-debate-directo_md_25647561_wp_1.mp3<\/a><\/audio>\n<p><a title=\"Cifuentes: el final del camino - Debate Directo 27-4-2018\" href=\"http:\/\/www.ivoox.com\/cifuentes-final-del-camino-debate-directo-audios-mp3_rf_25647561_1.html\">Ir a descargar<\/a><\/p>\n<p><span style=\"color: #808080;\"><em>Fotograf\u00eda de Cristina Cifuentes<\/em><\/span><\/p>\n","protected":false},"excerpt":{"rendered":"<p><img loading=\"lazy\" decoding=\"async\" class=\"alignnone size-full wp-image-35298\" src=\"https:\/\/www.colectivoburbuja.org\/wp-content\/uploads\/2017\/01\/Mariano-Rajoy-y-Cristina-Cifuentes-por-Cristina-Cifuentes.jpg\" alt=\"\" width=\"600\" height=\"400\" \/><\/p>\n<p>Hoy hablamos sobre la dimisi\u00f3n de Cristina Cifuentes tras revelarse una grabaci\u00f3n en la que aparec\u00eda siendo registrada por el robo de dos creamas antiedad. Tambi\u00e9n hablamos sobre la disoluci\u00f3n de la banda terrorista ETA y el aniversario de la Revoluci\u00f3n de los Claveles y c\u00f3mo influy\u00f3 en Espa\u00f1a. Con Jos\u00e9 Lu\u00eds Escobar y Iago Mejuto. Conduce Juan Carlos Barba.<\/p>\n[audio src=\"http:\/\/www.ivoox.com\/cifuentes-final-del-camino-debate-directo_md_25647561_wp_1.mp3\"]\n<p><a title=\"Cifuentes: el final del camino - Debate Directo 27-4-2018\" href=\"http:\/\/www.ivoox.com\/cifuentes-final-del-camino-debate-directo-audios-mp3_rf_25647561_1.html\">Ir a descargar<\/a><\/p>\n<p><span style=\"color: #808080;\"><em>Fotograf\u00eda de Cristina Cifuentes<\/em><\/span><\/p>\n","protected":false},"author":1,"featured_media":199,"comment_status":"open","ping_status":"open","sticky":false,"template":"","format":"standard","meta":{"footnotes":""},"categories":[1],"tags":[85,190,191,192,193,194],"_links":{"self":[{"href":"https:\/\/www.queimadaediciones.es\/index.php\/wp-json\/wp\/v2\/posts\/200"}],"collection":[{"href":"https:\/\/www.queimadaediciones.es\/index.php\/wp-json\/wp\/v2\/posts"}],"about":[{"href":"https:\/\/www.queimadaediciones.es\/index.php\/wp-json\/wp\/v2\/types\/post"}],"author":[{"embeddable":true,"href":"https:\/\/www.queimadaediciones.es\/index.php\/wp-json\/wp\/v2\/users\/1"}],"replies":[{"embeddable":true,"href":"https:\/\/www.queimadaediciones.es\/index.php\/wp-json\/wp\/v2\/comments?post=200"}],"version-history":[{"count":1,"href":"https:\/\/www.queimadaediciones.es\/index.php\/wp-json\/wp\/v2\/posts\/200\/revisions"}],"predecessor-version":[{"id":201,"href":"https:\/\/www.queimadaediciones.es\/index.php\/wp-json\/wp\/v2\/posts\/200\/revisions\/201"}],"wp:featuredmedia":[{"embeddable":true,"href":"https:\/\/www.queimadaediciones.es\/index.php\/wp-json\/wp\/v2\/media\/199"}],"wp:attachment":[{"href":"https:\/\/www.queimadaediciones.es\/index.php\/wp-json\/wp\/v2\/media?parent=200"}],"wp:term":[{"taxonomy":"category","embeddable":true,"href":"https:\/\/www.queimadaediciones.es\/index.php\/wp-json\/wp\/v2\/categories?post=200"},{"taxonomy":"post_tag","embeddable":true,"href":"https:\/\/www.queimadaediciones.es\/index.php\/wp-json\/wp\/v2\/tags?post=200"}],"curies":[{"name":"wp","href":"https:\/\/api.w.org\/{rel}","templated":true}]}}