{"id":89,"date":"2017-11-26T09:22:42","date_gmt":"2017-11-26T08:22:42","guid":{"rendered":"https:\/\/www.queimadaediciones.es\/?p=89"},"modified":"2017-11-27T14:12:29","modified_gmt":"2017-11-27T13:12:29","slug":"novedades-editoriales-en-queimada","status":"publish","type":"post","link":"https:\/\/www.queimadaediciones.es\/index.php\/2017\/11\/26\/novedades-editoriales-en-queimada\/","title":{"rendered":"Novedades editoriales en Queimada"},"content":{"rendered":"<p>La editorial amiga de Colectivo Burbuja, Queimada ediciones, presenta dos recientes novedades en su cat\u00e1logo.<\/p>\n<p>Por un lado reeditan <b>los primeros libros de poes\u00eda escritos por Manuel Lacarta<\/b>, <a href=\"https:\/\/www.colectivoburbuja.org\/producto\/reducto-al-sur-del-norte\/\"><b><i>Reducto,<\/i><\/b><b> y <\/b><b><i>Al sur del norte<\/i><\/b><\/a>. Poco puede decirse de la importancia de estos primeros escritos de juventud, rebelde y, adem\u00e1s, muy independiente. En palabras del propio autor:<\/p>\n<p>\u00abNo es dif\u00edcil entender <i>Reducto<\/i>. Hace cuarenta a\u00f1os que se public\u00f3 por primera vez, y<br \/>\nes libro que no envejece; treinta y cinco, <i>Al sur del norte<\/i>. Uno y otro nos tra\u00edan ya un autor<br \/>\nageneracional y que va por libre, sin marcar paso en el desfile; tampoco hoy. En <i>Reducto <\/i>y<br \/>\nen <i>Al sur del norte<\/i> hay literatura, indudablemente de la mejor; pero, adem\u00e1s, al t\u00e9rmino de su lectura, se nos hace palpable una ineludible necesidad, sin duda muy concreta: hay que abrir ventanas y respirar, respirar, profundamente respirar.<!--more--><\/p>\n<p>Reducto mira tanto hacia afuera como a las v\u00edsceras, el interior. Es \u00ablugar\u00bb id\u00f3neo para estar ah\u00ed, encontrarse, buscar refugio; pero tambi\u00e9n, punto de lanza, flecha, dardo certero, disparo: \u00a1pum pum!, de rev\u00f3lver. No cabe s\u00f3lo resistir. Todo cuanto tiene de c\u00f3modo, de apartado, dejarse ir, abandono; lo posee tambi\u00e9n de rabia, de acusaci\u00f3n, no poder ser, aunque debiera.<br \/>\nJunto con \u00e9l, los poemas de Al sur del norte son m\u00e1s letan\u00eda, salmo, canci\u00f3n, vers\u00edculo a lo<br \/>\nWalt Whitman, Neruda, Le\u00f3n Felipe; pero,\u00a1ojo!, en Al sur del norte tampoco cabe la inocencia:<\/p>\n<p>Aqu\u00ed ya no quedan gorriones<br \/>\npues nacieron alambradas altas<br \/>\ny girasoles de espino<br \/>\nse nos fueron muriendo<br \/>\nmuy calladamente las acacias\u00bb.<\/p>\n<p>Por otro lado, <a href=\"https:\/\/www.colectivoburbuja.org\/producto\/del-ecomunicipalismo-las-puertas-la-carcel\/\"><b><i>Del ecomunicipalismo a las puertas de la c\u00e1rcel<\/i><\/b><\/a>, el libro con el testimonio de <b>Alberto Ca\u00f1edo<\/b>, excalcalde de la localidad extreme\u00f1a de Carcaboso, que intent\u00f3 aplicar medidas ecomunicipalistas en su gesti\u00f3n pero se encontr\u00f3 con la violenta oposici\u00f3n de la familia cacique de la zona <a href=\"https:\/\/www.elsaltodiario.com\/extremadura\/alberto-canedo-carcaboso-han-utilizado-la-justicia-para-conseguir-lo-que-no-conseguian-con-la-politica\">y que ir\u00e1 a la c\u00e1rcel si nada lo remedia<\/a>.<\/p>\n<p>En ning\u00fan momento pens\u00f3 Alberto Ca\u00f1edo que su sue\u00f1o de ser alcalde de su pueblo acabar\u00eda en pesadilla. Sin embargo, este hijo de emigrantes retornado a Extremadura, en un raro flujo de vuelta a una tierra que cuenta hoy pr\u00e1cticamente con la misma poblaci\u00f3n que hace un siglo, seguramente volver\u00eda a actuar del mismo modo una y otra vez. Lo har\u00eda a pesar de que sobre \u00e9l pesa una condena de diecisiete a\u00f1os de inhabilitaci\u00f3n como cargo p\u00fablico y la obligaci\u00f3n de pagar, entre multas y costas judiciales, cerca de 120.000 euros.<\/p>\n<p>La cantidad de conexiones y estilos caciquiles que se acumulan, desgraciadamente, en la pol\u00edtica extreme\u00f1a, hace necesario revisar ciertos casos. Entre ellos, el de este carcabose\u00f1o que lleg\u00f3 a la pol\u00edtica de la mano de una plataforma ciudadana; el de este alcalde que comenz\u00f3 su revoluci\u00f3n verde plantando dos tomateras frente al ayuntamiento, en un trabajo de largo recorrido reconocido por la UNESCO, que incluy\u00f3 el reparto de lotes de tierra municipal para huertos de consumo, la habilitaci\u00f3n de jardines comestibles, el apoyo de cooperativas transformadoras, de producci\u00f3n y distribuci\u00f3n local y la realizaci\u00f3n de proyectos ecol\u00f3gicos de todo tipo.<\/p>\n<p>Un alcalde que se enfrent\u00f3 a una oposici\u00f3n que, seg\u00fan asegura Alberto, no jug\u00f3 limpio desde que, en la toma de posesi\u00f3n, le arroj\u00f3, literalmente, el bast\u00f3n de mando. \u00c9sta es, por tanto, una extensa entrevista en la que el exalcalde habla tambi\u00e9n de los hermanos Bueno, peque\u00f1os empresarios de Carcaboso que comenzaron su andadura pol\u00edtica en Alianza Popular y que, por no se sabe qu\u00e9 extra\u00f1a pirueta ideol\u00f3gica, acabaron de l\u00edderes locales del PSOE.<\/p>\n<p>Puedes conseguir ambas novedades en <a href=\"https:\/\/www.colectivoburbuja.org\/shop\/\">nuestra tienda<\/a> (que mejoraremos en cuanto consigamos alguna ayuda en WordPress) y contribuir con la sostenibilidad de Colectivo Burbuja.<\/p>\n","protected":false},"excerpt":{"rendered":"<p>La editorial amiga de Colectivo Burbuja, Queimada ediciones, presenta dos recientes novedades en su cat\u00e1logo. Por un lado reeditan los primeros libros de poes\u00eda escritos por Manuel Lacarta, Reducto, y Al sur del norte. Poco puede decirse de la importancia de estos primeros escritos de juventud, rebelde y, adem\u00e1s, muy independiente. En palabras del propio &hellip; <a href=\"https:\/\/www.queimadaediciones.es\/index.php\/2017\/11\/26\/novedades-editoriales-en-queimada\/\" class=\"more-link\">Sigue leyendo <span class=\"screen-reader-text\">Novedades editoriales en Queimada<\/span><\/a><\/p>\n","protected":false},"author":1,"featured_media":0,"comment_status":"open","ping_status":"open","sticky":false,"template":"","format":"standard","meta":{"footnotes":""},"categories":[1],"tags":[],"_links":{"self":[{"href":"https:\/\/www.queimadaediciones.es\/index.php\/wp-json\/wp\/v2\/posts\/89"}],"collection":[{"href":"https:\/\/www.queimadaediciones.es\/index.php\/wp-json\/wp\/v2\/posts"}],"about":[{"href":"https:\/\/www.queimadaediciones.es\/index.php\/wp-json\/wp\/v2\/types\/post"}],"author":[{"embeddable":true,"href":"https:\/\/www.queimadaediciones.es\/index.php\/wp-json\/wp\/v2\/users\/1"}],"replies":[{"embeddable":true,"href":"https:\/\/www.queimadaediciones.es\/index.php\/wp-json\/wp\/v2\/comments?post=89"}],"version-history":[{"count":2,"href":"https:\/\/www.queimadaediciones.es\/index.php\/wp-json\/wp\/v2\/posts\/89\/revisions"}],"predecessor-version":[{"id":96,"href":"https:\/\/www.queimadaediciones.es\/index.php\/wp-json\/wp\/v2\/posts\/89\/revisions\/96"}],"wp:attachment":[{"href":"https:\/\/www.queimadaediciones.es\/index.php\/wp-json\/wp\/v2\/media?parent=89"}],"wp:term":[{"taxonomy":"category","embeddable":true,"href":"https:\/\/www.queimadaediciones.es\/index.php\/wp-json\/wp\/v2\/categories?post=89"},{"taxonomy":"post_tag","embeddable":true,"href":"https:\/\/www.queimadaediciones.es\/index.php\/wp-json\/wp\/v2\/tags?post=89"}],"curies":[{"name":"wp","href":"https:\/\/api.w.org\/{rel}","templated":true}]}}